{"id":101,"count":6,"description":"La collection Jardins &amp; \u00c9veil explore les espaces naturels, les jardins, les bassins et les paysages con\u00e7us pour inviter \u00e0 la contemplation.\r\n\r\nMajorelle, Jardin d\u2019\u00c9veil, M\u00e9nara, Horizon Sacr\u00e9, L\u2019\u00cele Int\u00e9rieure, Sanctuaire Cristallin, Chaleur d\u2019un Instant et Jardin des Lumi\u00e8res composent six univers d\u00e9coratifs inspir\u00e9s par la v\u00e9g\u00e9tation, l\u2019eau, la lumi\u00e8re et le calme.\r\n\r\nChaque tableau Zenartec est pr\u00e9sent\u00e9 dans un cadre noir avec une vitre protectrice. Apr\u00e8s exposition \u00e0 la lumi\u00e8re, certaines zones photoluminescentes restituent progressivement une lueur douce dans l\u2019obscurit\u00e9, sans pile, sans LED et sans branchement \u00e9lectrique.","link":"https:\/\/zenartec.com\/ar\/product-category\/tableaux-photoluminescents\/tableaux-photoluminescents-collections\/jardins-eveil\/","name":"Jardins &amp; \u00c9veil","slug":"jardins-eveil","taxonomy":"product_cat","parent":80,"meta":[],"menu_order":5,"acf":[],"_links":{"self":[{"href":"https:\/\/zenartec.com\/ar\/wp-json\/wp\/v2\/product_cat\/101","targetHints":{"allow":["GET"]}}],"collection":[{"href":"https:\/\/zenartec.com\/ar\/wp-json\/wp\/v2\/product_cat"}],"about":[{"href":"https:\/\/zenartec.com\/ar\/wp-json\/wp\/v2\/taxonomies\/product_cat"}],"up":[{"embeddable":true,"href":"https:\/\/zenartec.com\/ar\/wp-json\/wp\/v2\/product_cat\/80"}],"wp:post_type":[{"href":"https:\/\/zenartec.com\/ar\/wp-json\/wp\/v2\/product?product_cat=101"}],"curies":[{"name":"wp","href":"https:\/\/api.w.org\/{rel}","templated":true}]}}